[{"command":"add_css","data":"\u003Clink rel=\u0022stylesheet\u0022 media=\u0022all\u0022 href=\u0022\/sites\/default\/files\/css\/css_RaLv_L6hiC3fE1-ysJxXxvwGUO-8Bm1-RfGR4Io72-A.css\u0022 \/\u003E\n"},{"io":"block","command":"insert","method":"replaceWith","selector":"a[href=\u0022\/io\/block?ioid=feb20454-a6e0-420b-a064-9123a22d4c3f\u0022]","data":"\u003Cdiv class=\u0022views-element-container form-group\u0022\u003E\u003Cdiv class=\u0022v-block-4 view view-block-4 view-id-block_4 view-display-id-block_1 js-view-dom-id-899ef94f7a07a128a23e6faa0f3c1705b3080a5c5a099434b8d433abe78b39ba\u0022\u003E\n  \n    \n      \n      \u003Cdiv class=\u0022view-content\u0022\u003E\n          \u003Cdiv\u003E\u003Carticle data-history-node-id=\u002220\u0022 role=\u0022article\u0022 about=\u0022\/4-les-entreprises-de-travaux-sont-sur-cofaberfr\u0022 class=\u0022block-4 default clearfix\u0022\u003E\n\n  \n      \u003Ch2 class=\u0022bleu-fonce\u0022\u003E\n      \u003Cspan\u003E#4 - Les Entreprises de Travaux sont sur CoFaber.fr\u003C\/span\u003E\n\n    \u003C\/h2\u003E\n    \n\n  \n  \u003Cdiv class=\u0022content\u0022\u003E\n    \n  \u003Cdiv class=\u0022esteban-ricardo-image col-xs-12 col-md-4 field field--name-field-esteban-ricardo-image field--type-image field--label-visually_hidden\u0022\u003E\n    \u003Cdiv class=\u0022field--label sr-only\u0022\u003EEsteban Ricardo Image\u003C\/div\u003E\n              \u003Cdiv class=\u0022field--item\u0022\u003E  \u003Cimg src=\u0022\/sites\/default\/files\/styles\/large\/public\/admin_images\/guillaume_lenoir_prefere_cofaber_0.jpg?itok=M4c8myEc\u0022 width=\u0022480\u0022 height=\u0022479\u0022 alt=\u0022Guillaume Lenoir pr\u00e9f\u00e9\u00e8re CoFaber\u0022 typeof=\u0022foaf:Image\u0022 class=\u0022img-responsive\u0022 \/\u003E\n\n\n\u003C\/div\u003E\n          \u003C\/div\u003E\n\n  \u003Cdiv class=\u0022esteban-ricardo col-xs-12 col-md-8 field field--name-field-whychooseus-text field--type-text-long field--label-visually_hidden\u0022\u003E\n    \u003Cdiv class=\u0022field--label sr-only\u0022\u003EWhyChooseUs Text\u003C\/div\u003E\n              \u003Cdiv class=\u0022field--item\u0022\u003E\u003Ch3 class=\u0022text-center\u0022\u003EGuillaume Lenoir pr\u00e9f\u00e8re CoFaber.\u003C\/h3\u003E\n\n\u003Cp\u003E\u003Ca class=\u0022btn\u0022 href=\u0022\/les-entreprises-de-travaux-sont-sur-cofaber\u0022 role=\u0022button\u0022\u003ED\u00e9couvrez pourquoi !\u003C\/a\u003E\u003C\/p\u003E\n\u003C\/div\u003E\n          \u003C\/div\u003E\n\n  \u003C\/div\u003E\n\n\u003C\/article\u003E\n\u003C\/div\u003E\n\n    \u003C\/div\u003E\n  \n          \u003C\/div\u003E\n\u003C\/div\u003E\n","settings":null}]